{"id":1041,"date":"2020-12-11T11:39:54","date_gmt":"2020-12-11T10:39:54","guid":{"rendered":"https:\/\/www.barbeiranne.com\/?p=1041"},"modified":"2022-11-14T14:15:54","modified_gmt":"2022-11-14T13:15:54","slug":"expo_ferdinan","status":"publish","type":"post","link":"https:\/\/www.barbeiranne.com\/en\/expo_ferdinan\/","title":{"rendered":"ART EXHIBIT AT FIGUIERE"},"content":{"rendered":"\n\t\t<style type=\"text\/css\">\n\t\t\t#gallery-1 {\n\t\t\t\tmargin: auto;\n\t\t\t}\n\t\t\t#gallery-1 .gallery-item {\n\t\t\t\tfloat: left;\n\t\t\t\tmargin-top: 10px;\n\t\t\t\ttext-align: center;\n\t\t\t\twidth: 33%;\n\t\t\t}\n\t\t\t#gallery-1 img {\n\t\t\t\tborder: 2px solid #cfcfcf;\n\t\t\t}\n\t\t\t#gallery-1 .gallery-caption {\n\t\t\t\tmargin-left: 0;\n\t\t\t}\n\t\t\t\/* see gallery_shortcode() in wp-includes\/media.php *\/\n\t\t<\/style>\n\t\t<div id='gallery-1' class='gallery galleryid-1041 gallery-columns-3 gallery-size-thumbnail'><dl class='gallery-item'>\n\t\t\t<dt class='gallery-icon landscape'>\n\t\t\t\t<a href='https:\/\/www.barbeiranne.com\/en\/expo_ferdinan\/ferdinan_expo_barbeiranne-2\/'><img decoding=\"async\" width=\"150\" height=\"150\" src=\"https:\/\/www.barbeiranne.com\/wp-content\/uploads\/2020\/12\/ferdinan_expo_barbeiranne-150x150.png\" class=\"attachment-thumbnail size-thumbnail\" alt=\"\" srcset=\"https:\/\/www.barbeiranne.com\/wp-content\/uploads\/2020\/12\/ferdinan_expo_barbeiranne-150x150.png 150w, https:\/\/www.barbeiranne.com\/wp-content\/uploads\/2020\/12\/ferdinan_expo_barbeiranne-570x570.png 570w, https:\/\/www.barbeiranne.com\/wp-content\/uploads\/2020\/12\/ferdinan_expo_barbeiranne-500x500.png 500w\" sizes=\"(max-width: 150px) 100vw, 150px\" \/><\/a>\n\t\t\t<\/dt><\/dl><dl class='gallery-item'>\n\t\t\t<dt class='gallery-icon landscape'>\n\t\t\t\t<a href='https:\/\/www.barbeiranne.com\/en\/expo_ferdinan\/2ferdinan_expo_barbeiranne-2\/'><img decoding=\"async\" width=\"150\" height=\"150\" src=\"https:\/\/www.barbeiranne.com\/wp-content\/uploads\/2020\/12\/2ferdinan_expo_barbeiranne-150x150.png\" class=\"attachment-thumbnail size-thumbnail\" alt=\"\" srcset=\"https:\/\/www.barbeiranne.com\/wp-content\/uploads\/2020\/12\/2ferdinan_expo_barbeiranne-150x150.png 150w, https:\/\/www.barbeiranne.com\/wp-content\/uploads\/2020\/12\/2ferdinan_expo_barbeiranne-570x570.png 570w, https:\/\/www.barbeiranne.com\/wp-content\/uploads\/2020\/12\/2ferdinan_expo_barbeiranne-500x500.png 500w\" sizes=\"(max-width: 150px) 100vw, 150px\" \/><\/a>\n\t\t\t<\/dt><\/dl><dl class='gallery-item'>\n\t\t\t<dt class='gallery-icon landscape'>\n\t\t\t\t<a href='https:\/\/www.barbeiranne.com\/en\/expo_ferdinan\/3ferdinan_expo_barbeiranne-2\/'><img decoding=\"async\" width=\"150\" height=\"150\" src=\"https:\/\/www.barbeiranne.com\/wp-content\/uploads\/2020\/12\/3ferdinan_expo_barbeiranne-150x150.png\" class=\"attachment-thumbnail size-thumbnail\" alt=\"\" srcset=\"https:\/\/www.barbeiranne.com\/wp-content\/uploads\/2020\/12\/3ferdinan_expo_barbeiranne-150x150.png 150w, https:\/\/www.barbeiranne.com\/wp-content\/uploads\/2020\/12\/3ferdinan_expo_barbeiranne-570x570.png 570w, https:\/\/www.barbeiranne.com\/wp-content\/uploads\/2020\/12\/3ferdinan_expo_barbeiranne-500x500.png 500w\" sizes=\"(max-width: 150px) 100vw, 150px\" \/><\/a>\n\t\t\t<\/dt><\/dl><br style=\"clear: both\" \/>\n\t\t<\/div>\n\n<p>Architecte de l\u2019imaginaire, Pierre Stiefel dit \u00ab Ferdinan\u00bb vous invite \u00e0 un voyage onirique aux portes du monde marin.<\/p>\n<p>Architect of the imagination, Pierre Stiefel, known as &#8220;Ferdinan&#8221;, invites you to a dreamlike journey to the gates of the marine world.<\/p>\n<p>His creative work takes place exclusively on the beaches and creeks of the Presqu\u2019\u00eele de Giens. With the stroke of a paddle on his Stand Up Paddle board, he glides the driftwoods but also and above all the &#8220;incivilities&#8221;, these synthetic materials abandoned by man, which the surf deposited as offerings after the elements have begun their transformation. And it is above all this manifestation of nature that guides his harvests, inspires his creations and cultivates in him a true art of living in absolute respect with his environment.<\/p>\n<p>Sheltered in his workshop, materials and shapes lead him towards plastic escapes that belong only to him, resulting in astonishing constructions that play the with scales, between the infinitely large and the miniature.\u00a0 You will understand with jubilation how much this modest collection of marine and vagabond objects serves the ambition of one.<\/p>\n<p>He is a &#8220;captain-child&#8221; capable alone of reinventing a whole world, a pretext to give us his thoughts on the more down-to-earth world that surrounds us.<\/p>\n<div><\/div>\n<div><a href=\"http:\/\/www.ferdinan.fr\/\" target=\"_blank\" rel=\"noopener noreferrer\" data-saferedirecturl=\"https:\/\/www.google.com\/url?q=http:\/\/www.ferdinan.fr&amp;source=gmail&amp;ust=1607765995864000&amp;usg=AFQjCNHeKrsEGaPBrFpHkNQFTDiaYvbY3w\">www.ferdinan.fr<\/a><span style=\"color: #888888;\"><br \/>\n<\/span><\/div>\n","protected":false},"excerpt":{"rendered":"<p>La Fondation Carmignac, sur l&#8217;\u00eele de Porquerolles est un v\u00e9ritable paradis de beaut\u00e9. 2000 m2<\/p>\n","protected":false},"author":3,"featured_media":1037,"comment_status":"closed","ping_status":"closed","sticky":false,"template":"","format":"gallery","meta":{"footnotes":""},"categories":[21],"tags":[],"class_list":["post-1041","post","type-post","status-publish","format-gallery","has-post-thumbnail","hentry","category-cultural-activities","post_format-post-format-gallery"],"yoast_head":"<!-- This site is optimized with the Yoast SEO plugin v24.9 - https:\/\/yoast.com\/wordpress\/plugins\/seo\/ -->\n<title>ART EXHIBIT AT FIGUIERE - La Bastide BARBEIRANNE<\/title>\n<meta name=\"robots\" content=\"index, follow, max-snippet:-1, max-image-preview:large, max-video-preview:-1\" \/>\n<link rel=\"canonical\" href=\"https:\/\/www.barbeiranne.com\/en\/expo_ferdinan\/\" \/>\n<meta property=\"og:locale\" content=\"en_US\" \/>\n<meta property=\"og:type\" content=\"article\" \/>\n<meta property=\"og:title\" content=\"ART EXHIBIT AT FIGUIERE - La Bastide BARBEIRANNE\" \/>\n<meta property=\"og:description\" content=\"La Fondation Carmignac, sur l&#039;\u00eele de Porquerolles est un v\u00e9ritable paradis de beaut\u00e9. 2000 m2\" \/>\n<meta property=\"og:url\" content=\"https:\/\/www.barbeiranne.com\/en\/expo_ferdinan\/\" \/>\n<meta property=\"og:site_name\" content=\"La Bastide BARBEIRANNE\" \/>\n<meta property=\"article:published_time\" content=\"2020-12-11T10:39:54+00:00\" \/>\n<meta property=\"article:modified_time\" content=\"2022-11-14T13:15:54+00:00\" \/>\n<meta property=\"og:image\" content=\"https:\/\/www.barbeiranne.com\/wp-content\/uploads\/2020\/12\/exp_ferdinan_carre.png\" \/>\n\t<meta property=\"og:image:width\" content=\"666\" \/>\n\t<meta property=\"og:image:height\" content=\"666\" \/>\n\t<meta property=\"og:image:type\" content=\"image\/png\" \/>\n<meta name=\"author\" content=\"Karine Lecois\" \/>\n<meta name=\"twitter:card\" content=\"summary_large_image\" \/>\n<meta name=\"twitter:label1\" content=\"Written by\" \/>\n\t<meta name=\"twitter:data1\" content=\"Karine Lecois\" \/>\n\t<meta name=\"twitter:label2\" content=\"Est. reading time\" \/>\n\t<meta name=\"twitter:data2\" content=\"1 minute\" \/>\n<script type=\"application\/ld+json\" class=\"yoast-schema-graph\">{\"@context\":\"https:\/\/schema.org\",\"@graph\":[{\"@type\":\"Article\",\"@id\":\"https:\/\/www.barbeiranne.com\/en\/expo_ferdinan\/#article\",\"isPartOf\":{\"@id\":\"https:\/\/www.barbeiranne.com\/en\/expo_ferdinan\/\"},\"author\":{\"name\":\"Karine Lecois\",\"@id\":\"https:\/\/www.barbeiranne.com\/en\/#\/schema\/person\/de54e19078aef79181c9a312c8e44dad\"},\"headline\":\"ART EXHIBIT AT FIGUIERE\",\"datePublished\":\"2020-12-11T10:39:54+00:00\",\"dateModified\":\"2022-11-14T13:15:54+00:00\",\"mainEntityOfPage\":{\"@id\":\"https:\/\/www.barbeiranne.com\/en\/expo_ferdinan\/\"},\"wordCount\":218,\"publisher\":{\"@id\":\"https:\/\/www.barbeiranne.com\/en\/#organization\"},\"image\":{\"@id\":\"https:\/\/www.barbeiranne.com\/en\/expo_ferdinan\/#primaryimage\"},\"thumbnailUrl\":\"https:\/\/www.barbeiranne.com\/wp-content\/uploads\/2020\/12\/exp_ferdinan_carre.png\",\"articleSection\":[\"Cultural activities\"],\"inLanguage\":\"en-US\"},{\"@type\":\"WebPage\",\"@id\":\"https:\/\/www.barbeiranne.com\/en\/expo_ferdinan\/\",\"url\":\"https:\/\/www.barbeiranne.com\/en\/expo_ferdinan\/\",\"name\":\"ART EXHIBIT AT FIGUIERE - La Bastide BARBEIRANNE\",\"isPartOf\":{\"@id\":\"https:\/\/www.barbeiranne.com\/en\/#website\"},\"primaryImageOfPage\":{\"@id\":\"https:\/\/www.barbeiranne.com\/en\/expo_ferdinan\/#primaryimage\"},\"image\":{\"@id\":\"https:\/\/www.barbeiranne.com\/en\/expo_ferdinan\/#primaryimage\"},\"thumbnailUrl\":\"https:\/\/www.barbeiranne.com\/wp-content\/uploads\/2020\/12\/exp_ferdinan_carre.png\",\"datePublished\":\"2020-12-11T10:39:54+00:00\",\"dateModified\":\"2022-11-14T13:15:54+00:00\",\"breadcrumb\":{\"@id\":\"https:\/\/www.barbeiranne.com\/en\/expo_ferdinan\/#breadcrumb\"},\"inLanguage\":\"en-US\",\"potentialAction\":[{\"@type\":\"ReadAction\",\"target\":[\"https:\/\/www.barbeiranne.com\/en\/expo_ferdinan\/\"]}]},{\"@type\":\"ImageObject\",\"inLanguage\":\"en-US\",\"@id\":\"https:\/\/www.barbeiranne.com\/en\/expo_ferdinan\/#primaryimage\",\"url\":\"https:\/\/www.barbeiranne.com\/wp-content\/uploads\/2020\/12\/exp_ferdinan_carre.png\",\"contentUrl\":\"https:\/\/www.barbeiranne.com\/wp-content\/uploads\/2020\/12\/exp_ferdinan_carre.png\",\"width\":666,\"height\":666},{\"@type\":\"BreadcrumbList\",\"@id\":\"https:\/\/www.barbeiranne.com\/en\/expo_ferdinan\/#breadcrumb\",\"itemListElement\":[{\"@type\":\"ListItem\",\"position\":1,\"name\":\"Accueil\",\"item\":\"https:\/\/www.barbeiranne.com\/en\/\"},{\"@type\":\"ListItem\",\"position\":2,\"name\":\"ART EXHIBIT AT FIGUIERE\"}]},{\"@type\":\"WebSite\",\"@id\":\"https:\/\/www.barbeiranne.com\/en\/#website\",\"url\":\"https:\/\/www.barbeiranne.com\/en\/\",\"name\":\"La Bastide BARBEIRANNE\",\"description\":\"\",\"publisher\":{\"@id\":\"https:\/\/www.barbeiranne.com\/en\/#organization\"},\"potentialAction\":[{\"@type\":\"SearchAction\",\"target\":{\"@type\":\"EntryPoint\",\"urlTemplate\":\"https:\/\/www.barbeiranne.com\/en\/?s={search_term_string}\"},\"query-input\":{\"@type\":\"PropertyValueSpecification\",\"valueRequired\":true,\"valueName\":\"search_term_string\"}}],\"inLanguage\":\"en-US\"},{\"@type\":\"Organization\",\"@id\":\"https:\/\/www.barbeiranne.com\/en\/#organization\",\"name\":\"La Bastide BARBEIRANNE\",\"url\":\"https:\/\/www.barbeiranne.com\/en\/\",\"logo\":{\"@type\":\"ImageObject\",\"inLanguage\":\"en-US\",\"@id\":\"https:\/\/www.barbeiranne.com\/en\/#\/schema\/logo\/image\/\",\"url\":\"https:\/\/www.barbeiranne.com\/wp-content\/uploads\/2020\/10\/Logo_03.png\",\"contentUrl\":\"https:\/\/www.barbeiranne.com\/wp-content\/uploads\/2020\/10\/Logo_03.png\",\"width\":370,\"height\":264,\"caption\":\"La Bastide BARBEIRANNE\"},\"image\":{\"@id\":\"https:\/\/www.barbeiranne.com\/en\/#\/schema\/logo\/image\/\"}},{\"@type\":\"Person\",\"@id\":\"https:\/\/www.barbeiranne.com\/en\/#\/schema\/person\/de54e19078aef79181c9a312c8e44dad\",\"name\":\"Karine Lecois\",\"image\":{\"@type\":\"ImageObject\",\"inLanguage\":\"en-US\",\"@id\":\"https:\/\/www.barbeiranne.com\/en\/#\/schema\/person\/image\/\",\"url\":\"https:\/\/secure.gravatar.com\/avatar\/36b6ef153e67bcab7c23dc6376a9b9ad0e5b2ebbe9c9ae8f96edd200132043e4?s=96&r=g\",\"contentUrl\":\"https:\/\/secure.gravatar.com\/avatar\/36b6ef153e67bcab7c23dc6376a9b9ad0e5b2ebbe9c9ae8f96edd200132043e4?s=96&r=g\",\"caption\":\"Karine Lecois\"},\"url\":\"https:\/\/www.barbeiranne.com\/en\/author\/karine\/\"}]}<\/script>\n<!-- \/ Yoast SEO plugin. -->","yoast_head_json":{"title":"ART EXHIBIT AT FIGUIERE - La Bastide BARBEIRANNE","robots":{"index":"index","follow":"follow","max-snippet":"max-snippet:-1","max-image-preview":"max-image-preview:large","max-video-preview":"max-video-preview:-1"},"canonical":"https:\/\/www.barbeiranne.com\/en\/expo_ferdinan\/","og_locale":"en_US","og_type":"article","og_title":"ART EXHIBIT AT FIGUIERE - La Bastide BARBEIRANNE","og_description":"La Fondation Carmignac, sur l'\u00eele de Porquerolles est un v\u00e9ritable paradis de beaut\u00e9. 2000 m2","og_url":"https:\/\/www.barbeiranne.com\/en\/expo_ferdinan\/","og_site_name":"La Bastide BARBEIRANNE","article_published_time":"2020-12-11T10:39:54+00:00","article_modified_time":"2022-11-14T13:15:54+00:00","og_image":[{"width":666,"height":666,"url":"https:\/\/www.barbeiranne.com\/wp-content\/uploads\/2020\/12\/exp_ferdinan_carre.png","type":"image\/png"}],"author":"Karine Lecois","twitter_card":"summary_large_image","twitter_misc":{"Written by":"Karine Lecois","Est. reading time":"1 minute"},"schema":{"@context":"https:\/\/schema.org","@graph":[{"@type":"Article","@id":"https:\/\/www.barbeiranne.com\/en\/expo_ferdinan\/#article","isPartOf":{"@id":"https:\/\/www.barbeiranne.com\/en\/expo_ferdinan\/"},"author":{"name":"Karine Lecois","@id":"https:\/\/www.barbeiranne.com\/en\/#\/schema\/person\/de54e19078aef79181c9a312c8e44dad"},"headline":"ART EXHIBIT AT FIGUIERE","datePublished":"2020-12-11T10:39:54+00:00","dateModified":"2022-11-14T13:15:54+00:00","mainEntityOfPage":{"@id":"https:\/\/www.barbeiranne.com\/en\/expo_ferdinan\/"},"wordCount":218,"publisher":{"@id":"https:\/\/www.barbeiranne.com\/en\/#organization"},"image":{"@id":"https:\/\/www.barbeiranne.com\/en\/expo_ferdinan\/#primaryimage"},"thumbnailUrl":"https:\/\/www.barbeiranne.com\/wp-content\/uploads\/2020\/12\/exp_ferdinan_carre.png","articleSection":["Cultural activities"],"inLanguage":"en-US"},{"@type":"WebPage","@id":"https:\/\/www.barbeiranne.com\/en\/expo_ferdinan\/","url":"https:\/\/www.barbeiranne.com\/en\/expo_ferdinan\/","name":"ART EXHIBIT AT FIGUIERE - La Bastide BARBEIRANNE","isPartOf":{"@id":"https:\/\/www.barbeiranne.com\/en\/#website"},"primaryImageOfPage":{"@id":"https:\/\/www.barbeiranne.com\/en\/expo_ferdinan\/#primaryimage"},"image":{"@id":"https:\/\/www.barbeiranne.com\/en\/expo_ferdinan\/#primaryimage"},"thumbnailUrl":"https:\/\/www.barbeiranne.com\/wp-content\/uploads\/2020\/12\/exp_ferdinan_carre.png","datePublished":"2020-12-11T10:39:54+00:00","dateModified":"2022-11-14T13:15:54+00:00","breadcrumb":{"@id":"https:\/\/www.barbeiranne.com\/en\/expo_ferdinan\/#breadcrumb"},"inLanguage":"en-US","potentialAction":[{"@type":"ReadAction","target":["https:\/\/www.barbeiranne.com\/en\/expo_ferdinan\/"]}]},{"@type":"ImageObject","inLanguage":"en-US","@id":"https:\/\/www.barbeiranne.com\/en\/expo_ferdinan\/#primaryimage","url":"https:\/\/www.barbeiranne.com\/wp-content\/uploads\/2020\/12\/exp_ferdinan_carre.png","contentUrl":"https:\/\/www.barbeiranne.com\/wp-content\/uploads\/2020\/12\/exp_ferdinan_carre.png","width":666,"height":666},{"@type":"BreadcrumbList","@id":"https:\/\/www.barbeiranne.com\/en\/expo_ferdinan\/#breadcrumb","itemListElement":[{"@type":"ListItem","position":1,"name":"Accueil","item":"https:\/\/www.barbeiranne.com\/en\/"},{"@type":"ListItem","position":2,"name":"ART EXHIBIT AT FIGUIERE"}]},{"@type":"WebSite","@id":"https:\/\/www.barbeiranne.com\/en\/#website","url":"https:\/\/www.barbeiranne.com\/en\/","name":"La Bastide BARBEIRANNE","description":"","publisher":{"@id":"https:\/\/www.barbeiranne.com\/en\/#organization"},"potentialAction":[{"@type":"SearchAction","target":{"@type":"EntryPoint","urlTemplate":"https:\/\/www.barbeiranne.com\/en\/?s={search_term_string}"},"query-input":{"@type":"PropertyValueSpecification","valueRequired":true,"valueName":"search_term_string"}}],"inLanguage":"en-US"},{"@type":"Organization","@id":"https:\/\/www.barbeiranne.com\/en\/#organization","name":"La Bastide BARBEIRANNE","url":"https:\/\/www.barbeiranne.com\/en\/","logo":{"@type":"ImageObject","inLanguage":"en-US","@id":"https:\/\/www.barbeiranne.com\/en\/#\/schema\/logo\/image\/","url":"https:\/\/www.barbeiranne.com\/wp-content\/uploads\/2020\/10\/Logo_03.png","contentUrl":"https:\/\/www.barbeiranne.com\/wp-content\/uploads\/2020\/10\/Logo_03.png","width":370,"height":264,"caption":"La Bastide BARBEIRANNE"},"image":{"@id":"https:\/\/www.barbeiranne.com\/en\/#\/schema\/logo\/image\/"}},{"@type":"Person","@id":"https:\/\/www.barbeiranne.com\/en\/#\/schema\/person\/de54e19078aef79181c9a312c8e44dad","name":"Karine Lecois","image":{"@type":"ImageObject","inLanguage":"en-US","@id":"https:\/\/www.barbeiranne.com\/en\/#\/schema\/person\/image\/","url":"https:\/\/secure.gravatar.com\/avatar\/36b6ef153e67bcab7c23dc6376a9b9ad0e5b2ebbe9c9ae8f96edd200132043e4?s=96&r=g","contentUrl":"https:\/\/secure.gravatar.com\/avatar\/36b6ef153e67bcab7c23dc6376a9b9ad0e5b2ebbe9c9ae8f96edd200132043e4?s=96&r=g","caption":"Karine Lecois"},"url":"https:\/\/www.barbeiranne.com\/en\/author\/karine\/"}]}},"_links":{"self":[{"href":"https:\/\/www.barbeiranne.com\/en\/wp-json\/wp\/v2\/posts\/1041","targetHints":{"allow":["GET"]}}],"collection":[{"href":"https:\/\/www.barbeiranne.com\/en\/wp-json\/wp\/v2\/posts"}],"about":[{"href":"https:\/\/www.barbeiranne.com\/en\/wp-json\/wp\/v2\/types\/post"}],"author":[{"embeddable":true,"href":"https:\/\/www.barbeiranne.com\/en\/wp-json\/wp\/v2\/users\/3"}],"replies":[{"embeddable":true,"href":"https:\/\/www.barbeiranne.com\/en\/wp-json\/wp\/v2\/comments?post=1041"}],"version-history":[{"count":2,"href":"https:\/\/www.barbeiranne.com\/en\/wp-json\/wp\/v2\/posts\/1041\/revisions"}],"predecessor-version":[{"id":1128,"href":"https:\/\/www.barbeiranne.com\/en\/wp-json\/wp\/v2\/posts\/1041\/revisions\/1128"}],"wp:featuredmedia":[{"embeddable":true,"href":"https:\/\/www.barbeiranne.com\/en\/wp-json\/wp\/v2\/media\/1037"}],"wp:attachment":[{"href":"https:\/\/www.barbeiranne.com\/en\/wp-json\/wp\/v2\/media?parent=1041"}],"wp:term":[{"taxonomy":"category","embeddable":true,"href":"https:\/\/www.barbeiranne.com\/en\/wp-json\/wp\/v2\/categories?post=1041"},{"taxonomy":"post_tag","embeddable":true,"href":"https:\/\/www.barbeiranne.com\/en\/wp-json\/wp\/v2\/tags?post=1041"}],"curies":[{"name":"wp","href":"https:\/\/api.w.org\/{rel}","templated":true}]}}